{"id":1015,"date":"2019-02-21T08:04:43","date_gmt":"2019-02-21T07:04:43","guid":{"rendered":"http:\/\/cpfusti.educacion.navarra.es\/web\/?p=1015"},"modified":"2019-02-21T08:04:43","modified_gmt":"2019-02-21T07:04:43","slug":"carnaval-carnaval","status":"publish","type":"post","link":"https:\/\/cpfusti.educacion.navarra.es\/web\/blog\/2019\/02\/21\/carnaval-carnaval\/","title":{"rendered":"CARNAVAL CARNAVAL"},"content":{"rendered":"<p>El pr\u00f3ximo d\u00eda 2 de marzo se va a celebrar la fiesta del carnaval en nuestro pueblo.<br \/>\nHace unas semanas nos reunimos con el Ayuntamiento, a su propuesta de aglutinar los dos d\u00edas de carnavales en uno solo, y aprovechar mejor la congregaci\u00f3n de disfraces, que suele ser escasa en el caso de los disfraces de adultos (que se hac\u00edan normalmente en s\u00e1bado dejando el domingo para los ni\u00f1os).<br \/>\nLa APYMA todos los a\u00f1os realiza alguna actividad, y este a\u00f1o ha contratado hinchables para todos los ni\u00f1os, que se simultanear\u00e1n al concierto que el Ayuntamiento ha organizado para los m\u00e1s mayores.<\/p>\n<p>La junta<\/p>\n","protected":false},"excerpt":{"rendered":"<p>El pr\u00f3ximo d\u00eda 2 de marzo se va a celebrar la fiesta del carnaval en nuestro pueblo. Hace unas semanas nos reunimos con el Ayuntamiento, a su propuesta de aglutinar los dos d\u00edas de carnavales en uno solo, y aprovechar &hellip; <a href=\"https:\/\/cpfusti.educacion.navarra.es\/web\/blog\/2019\/02\/21\/carnaval-carnaval\/\">Sigue leyendo <span class=\"meta-nav\">&rarr;<\/span><\/a><\/p>\n","protected":false},"author":6,"featured_media":0,"comment_status":"open","ping_status":"open","sticky":false,"template":"","format":"standard","meta":[],"categories":[11,1],"tags":[],"_links":{"self":[{"href":"https:\/\/cpfusti.educacion.navarra.es\/web\/wp-json\/wp\/v2\/posts\/1015"}],"collection":[{"href":"https:\/\/cpfusti.educacion.navarra.es\/web\/wp-json\/wp\/v2\/posts"}],"about":[{"href":"https:\/\/cpfusti.educacion.navarra.es\/web\/wp-json\/wp\/v2\/types\/post"}],"author":[{"embeddable":true,"href":"https:\/\/cpfusti.educacion.navarra.es\/web\/wp-json\/wp\/v2\/users\/6"}],"replies":[{"embeddable":true,"href":"https:\/\/cpfusti.educacion.navarra.es\/web\/wp-json\/wp\/v2\/comments?post=1015"}],"version-history":[{"count":2,"href":"https:\/\/cpfusti.educacion.navarra.es\/web\/wp-json\/wp\/v2\/posts\/1015\/revisions"}],"predecessor-version":[{"id":1018,"href":"https:\/\/cpfusti.educacion.navarra.es\/web\/wp-json\/wp\/v2\/posts\/1015\/revisions\/1018"}],"wp:attachment":[{"href":"https:\/\/cpfusti.educacion.navarra.es\/web\/wp-json\/wp\/v2\/media?parent=1015"}],"wp:term":[{"taxonomy":"category","embeddable":true,"href":"https:\/\/cpfusti.educacion.navarra.es\/web\/wp-json\/wp\/v2\/categories?post=1015"},{"taxonomy":"post_tag","embeddable":true,"href":"https:\/\/cpfusti.educacion.navarra.es\/web\/wp-json\/wp\/v2\/tags?post=1015"}],"curies":[{"name":"wp","href":"https:\/\/api.w.org\/{rel}","templated":true}]}}