{"id":448,"date":"2018-02-01T18:08:39","date_gmt":"2018-02-01T17:08:39","guid":{"rendered":"http:\/\/cpfusti.educacion.navarra.es\/web\/?p=448"},"modified":"2018-02-01T18:09:27","modified_gmt":"2018-02-01T17:09:27","slug":"dia-de-la-paz-2018","status":"publish","type":"post","link":"https:\/\/cpfusti.educacion.navarra.es\/web\/blog\/2018\/02\/01\/dia-de-la-paz-2018\/","title":{"rendered":"D\u00eda de La Paz 2018"},"content":{"rendered":"<p>Un a\u00f1o m\u00e1s celebramos el 30 de enero el d\u00eda de La Paz. Todas las clases del cole hab\u00edan estado investigando sobre diferentes personas que han hecho cosas interesantes por La Paz en el mundo. La puesta en com\u00fan y el mural colaborativo del colegio la pod\u00e9is ver en estas fotos. Pincha en la imagen para acceder al \u00e1lbum.<\/p>\n<p><a href=\"https:\/\/photos.app.goo.gl\/0AmtpCdxagGoZrHH3\"><img loading=\"lazy\" src=\"http:\/\/cpfusti.educacion.navarra.es\/web\/wp-content\/uploads\/2018\/02\/img_0703.jpg\" class=\"alignleft size-large wp-image-451\" width=\"1828\" height=\"1536\" srcset=\"https:\/\/cpfusti.educacion.navarra.es\/web\/wp-content\/uploads\/2018\/02\/img_0703.jpg 1828w, https:\/\/cpfusti.educacion.navarra.es\/web\/wp-content\/uploads\/2018\/02\/img_0703-300x252.jpg 300w, https:\/\/cpfusti.educacion.navarra.es\/web\/wp-content\/uploads\/2018\/02\/img_0703-768x645.jpg 768w, https:\/\/cpfusti.educacion.navarra.es\/web\/wp-content\/uploads\/2018\/02\/img_0703-1024x860.jpg 1024w, https:\/\/cpfusti.educacion.navarra.es\/web\/wp-content\/uploads\/2018\/02\/img_0703-357x300.jpg 357w\" sizes=\"(max-width: 1828px) 100vw, 1828px\" \/><\/a><\/p>\n","protected":false},"excerpt":{"rendered":"<p>Un a\u00f1o m\u00e1s celebramos el 30 de enero el d\u00eda de La Paz. Todas las clases del cole hab\u00edan estado investigando sobre diferentes personas que han hecho cosas interesantes por La Paz en el mundo. La puesta en com\u00fan y &hellip; <a href=\"https:\/\/cpfusti.educacion.navarra.es\/web\/blog\/2018\/02\/01\/dia-de-la-paz-2018\/\">Sigue leyendo <span class=\"meta-nav\">&rarr;<\/span><\/a><\/p>\n","protected":false},"author":5,"featured_media":0,"comment_status":"open","ping_status":"open","sticky":false,"template":"","format":"standard","meta":[],"categories":[8,1],"tags":[],"_links":{"self":[{"href":"https:\/\/cpfusti.educacion.navarra.es\/web\/wp-json\/wp\/v2\/posts\/448"}],"collection":[{"href":"https:\/\/cpfusti.educacion.navarra.es\/web\/wp-json\/wp\/v2\/posts"}],"about":[{"href":"https:\/\/cpfusti.educacion.navarra.es\/web\/wp-json\/wp\/v2\/types\/post"}],"author":[{"embeddable":true,"href":"https:\/\/cpfusti.educacion.navarra.es\/web\/wp-json\/wp\/v2\/users\/5"}],"replies":[{"embeddable":true,"href":"https:\/\/cpfusti.educacion.navarra.es\/web\/wp-json\/wp\/v2\/comments?post=448"}],"version-history":[{"count":3,"href":"https:\/\/cpfusti.educacion.navarra.es\/web\/wp-json\/wp\/v2\/posts\/448\/revisions"}],"predecessor-version":[{"id":1538,"href":"https:\/\/cpfusti.educacion.navarra.es\/web\/wp-json\/wp\/v2\/posts\/448\/revisions\/1538"}],"wp:attachment":[{"href":"https:\/\/cpfusti.educacion.navarra.es\/web\/wp-json\/wp\/v2\/media?parent=448"}],"wp:term":[{"taxonomy":"category","embeddable":true,"href":"https:\/\/cpfusti.educacion.navarra.es\/web\/wp-json\/wp\/v2\/categories?post=448"},{"taxonomy":"post_tag","embeddable":true,"href":"https:\/\/cpfusti.educacion.navarra.es\/web\/wp-json\/wp\/v2\/tags?post=448"}],"curies":[{"name":"wp","href":"https:\/\/api.w.org\/{rel}","templated":true}]}}