{"id":454,"date":"2018-02-13T08:37:24","date_gmt":"2018-02-13T07:37:24","guid":{"rendered":"http:\/\/cpfusti.educacion.navarra.es\/web\/?p=454"},"modified":"2018-02-13T08:37:24","modified_gmt":"2018-02-13T07:37:24","slug":"excursion-a-vitoria-lunes-02-de-abril","status":"publish","type":"post","link":"https:\/\/cpfusti.educacion.navarra.es\/web\/blog\/2018\/02\/13\/excursion-a-vitoria-lunes-02-de-abril\/","title":{"rendered":"EXCURSI\u00d3N A VITORIA  LUNES 02 DE ABRIL"},"content":{"rendered":"<p>Como todos los a\u00f1os la APYMA organiza una excursi\u00f3n en semana Santa. Este a\u00f1o se ha preparado a Vitoria.<br \/>\nOs adjuntamos el itinerario.<\/p>\n<p>Salida de Fusti\u00f1ana a las 8:30h de la parada de autob\u00fas.<\/p>\n<p>Llegada al Jard\u00edn bot\u00e1nico Santa Catalina hacia las 10:30h<\/p>\n<p>-Visita guiada por el jard\u00edn bot\u00e1nico<\/p>\n<p>&#8211; Taller para los ni\u00f1@s<\/p>\n<p>Terminada la visita, el autob\u00fas nos llevar\u00e1 a Vitoria.<br \/>\nComida: Corre por cuenta de la familia.<br \/>\nTarde libre por Vitoria.<br \/>\nSalida hacia Fusti\u00f1ana a las 19:30h.<br \/>\nPRECIO: (Incluye autob\u00fas)<br \/>\nSOCIOS: 7\u20ac\/Persona NO SOCIOS: 14\u20ac\/Persona<\/p>\n<p>Ni\u00f1os menores de 3 a\u00f1os que ocupen asiento de autob\u00fas pagar\u00e1n 3\u20ac socios, los no socios 6\u20ac.<br \/>\nEL ULTIMO D\u00cdA PARA APUNTARSE SER\u00c1<\/p>\n<p>EL VIERNES 23 DE MARZO<\/p>\n<p>IMPORTANTE: SI NO HAY UN M\u00cdNIMO DE PERSONAS INSCRITAS PARA LLENAR UN AUTOB\u00daS, SE TENDR\u00c1 QUE CANCELAR LA EXCURSI\u00d3N*.<\/p>\n<p>Forma de pago:<\/p>\n<p>&#8211; Mediante transferencia bancaria a cualquiera de estas dos entidades:<\/p>\n<p>Caixa: ES39 2100 5031 1821 0010 3963<\/p>\n<p>Rural: ES61 3008 0051 8207 1094 3317<\/p>\n<p>PONER EN CONCEPTO: NOMBRE DEL SOCIO Y N\u00daMERO DE ADULTOS Y NI\u00d1OS QUE VAN A IR<\/p>\n<p>Entregar justificante a cualquier miembro de la Apyma o dejar en el buz\u00f3n.<\/p>\n<p>&#8211; En mano: El martes d\u00eda 13 de marzo, a las 17h en el comedor del colegio. (Se ruega traer dinero justo).<\/p>\n<p>* En caso de no realizarse la excursi\u00f3n, se devolver\u00e1 el pago a todos los que hayan entregado el justificante de pago o hayan pagado en mano el 13 de marzo.<\/p>\n","protected":false},"excerpt":{"rendered":"<p>Como todos los a\u00f1os la APYMA organiza una excursi\u00f3n en semana Santa. Este a\u00f1o se ha preparado a Vitoria. Os adjuntamos el itinerario. Salida de Fusti\u00f1ana a las 8:30h de la parada de autob\u00fas. Llegada al Jard\u00edn bot\u00e1nico Santa Catalina &hellip; <a href=\"https:\/\/cpfusti.educacion.navarra.es\/web\/blog\/2018\/02\/13\/excursion-a-vitoria-lunes-02-de-abril\/\">Sigue leyendo <span class=\"meta-nav\">&rarr;<\/span><\/a><\/p>\n","protected":false},"author":6,"featured_media":0,"comment_status":"open","ping_status":"open","sticky":false,"template":"","format":"standard","meta":[],"categories":[11,1],"tags":[],"_links":{"self":[{"href":"https:\/\/cpfusti.educacion.navarra.es\/web\/wp-json\/wp\/v2\/posts\/454"}],"collection":[{"href":"https:\/\/cpfusti.educacion.navarra.es\/web\/wp-json\/wp\/v2\/posts"}],"about":[{"href":"https:\/\/cpfusti.educacion.navarra.es\/web\/wp-json\/wp\/v2\/types\/post"}],"author":[{"embeddable":true,"href":"https:\/\/cpfusti.educacion.navarra.es\/web\/wp-json\/wp\/v2\/users\/6"}],"replies":[{"embeddable":true,"href":"https:\/\/cpfusti.educacion.navarra.es\/web\/wp-json\/wp\/v2\/comments?post=454"}],"version-history":[{"count":2,"href":"https:\/\/cpfusti.educacion.navarra.es\/web\/wp-json\/wp\/v2\/posts\/454\/revisions"}],"predecessor-version":[{"id":458,"href":"https:\/\/cpfusti.educacion.navarra.es\/web\/wp-json\/wp\/v2\/posts\/454\/revisions\/458"}],"wp:attachment":[{"href":"https:\/\/cpfusti.educacion.navarra.es\/web\/wp-json\/wp\/v2\/media?parent=454"}],"wp:term":[{"taxonomy":"category","embeddable":true,"href":"https:\/\/cpfusti.educacion.navarra.es\/web\/wp-json\/wp\/v2\/categories?post=454"},{"taxonomy":"post_tag","embeddable":true,"href":"https:\/\/cpfusti.educacion.navarra.es\/web\/wp-json\/wp\/v2\/tags?post=454"}],"curies":[{"name":"wp","href":"https:\/\/api.w.org\/{rel}","templated":true}]}}