{"id":5135,"date":"2025-05-28T10:48:21","date_gmt":"2025-05-28T08:48:21","guid":{"rendered":"https:\/\/cpfusti.educacion.navarra.es\/web\/?p=5135"},"modified":"2025-05-28T10:48:21","modified_gmt":"2025-05-28T08:48:21","slug":"desayunos-en-el-colegio","status":"publish","type":"post","link":"https:\/\/cpfusti.educacion.navarra.es\/web\/blog\/2025\/05\/28\/desayunos-en-el-colegio\/","title":{"rendered":"Desayunos en el colegio"},"content":{"rendered":"\n<p>Este mes de mayo hemos podido desayunar con nuestras compa\u00f1eras y compa\u00f1eros del ciclo en los desayunos del colegio. Comenz\u00f3 infantil y primer ciclo; la siguiente semana segundo ciclo y l@s mayores.<\/p>\n\n\n\n<p>\u00a1Ten\u00edamos leche, fruta y turradas con aceite para empezar el d\u00eda con mucha energ\u00eda!<\/p>\n\n\n\n<figure class=\"wp-block-image size-large\"><a href=\"https:\/\/cpfusti.educacion.navarra.es\/web\/wp-content\/uploads\/2025\/05\/Green-Collage-Breakfast-Menu-Instagram-Post.jpg\"><img loading=\"lazy\" width=\"1024\" height=\"1024\" src=\"https:\/\/cpfusti.educacion.navarra.es\/web\/wp-content\/uploads\/2025\/05\/Green-Collage-Breakfast-Menu-Instagram-Post-1024x1024.jpg\" alt=\"\" class=\"wp-image-5137\" srcset=\"https:\/\/cpfusti.educacion.navarra.es\/web\/wp-content\/uploads\/2025\/05\/Green-Collage-Breakfast-Menu-Instagram-Post-1024x1024.jpg 1024w, https:\/\/cpfusti.educacion.navarra.es\/web\/wp-content\/uploads\/2025\/05\/Green-Collage-Breakfast-Menu-Instagram-Post-300x300.jpg 300w, https:\/\/cpfusti.educacion.navarra.es\/web\/wp-content\/uploads\/2025\/05\/Green-Collage-Breakfast-Menu-Instagram-Post-150x150.jpg 150w, https:\/\/cpfusti.educacion.navarra.es\/web\/wp-content\/uploads\/2025\/05\/Green-Collage-Breakfast-Menu-Instagram-Post-768x768.jpg 768w, https:\/\/cpfusti.educacion.navarra.es\/web\/wp-content\/uploads\/2025\/05\/Green-Collage-Breakfast-Menu-Instagram-Post.jpg 1080w\" sizes=\"(max-width: 1024px) 100vw, 1024px\" \/><\/a><\/figure>\n","protected":false},"excerpt":{"rendered":"<p>Este mes de mayo hemos podido desayunar con nuestras compa\u00f1eras y compa\u00f1eros del ciclo en los desayunos del colegio. Comenz\u00f3 infantil y primer ciclo; la siguiente semana segundo ciclo y l@s mayores. \u00a1Ten\u00edamos leche, fruta y turradas con aceite para &hellip; <a href=\"https:\/\/cpfusti.educacion.navarra.es\/web\/blog\/2025\/05\/28\/desayunos-en-el-colegio\/\">Sigue leyendo <span class=\"meta-nav\">&rarr;<\/span><\/a><\/p>\n","protected":false},"author":43,"featured_media":0,"comment_status":"open","ping_status":"open","sticky":false,"template":"","format":"standard","meta":[],"categories":[1],"tags":[],"_links":{"self":[{"href":"https:\/\/cpfusti.educacion.navarra.es\/web\/wp-json\/wp\/v2\/posts\/5135"}],"collection":[{"href":"https:\/\/cpfusti.educacion.navarra.es\/web\/wp-json\/wp\/v2\/posts"}],"about":[{"href":"https:\/\/cpfusti.educacion.navarra.es\/web\/wp-json\/wp\/v2\/types\/post"}],"author":[{"embeddable":true,"href":"https:\/\/cpfusti.educacion.navarra.es\/web\/wp-json\/wp\/v2\/users\/43"}],"replies":[{"embeddable":true,"href":"https:\/\/cpfusti.educacion.navarra.es\/web\/wp-json\/wp\/v2\/comments?post=5135"}],"version-history":[{"count":2,"href":"https:\/\/cpfusti.educacion.navarra.es\/web\/wp-json\/wp\/v2\/posts\/5135\/revisions"}],"predecessor-version":[{"id":5138,"href":"https:\/\/cpfusti.educacion.navarra.es\/web\/wp-json\/wp\/v2\/posts\/5135\/revisions\/5138"}],"wp:attachment":[{"href":"https:\/\/cpfusti.educacion.navarra.es\/web\/wp-json\/wp\/v2\/media?parent=5135"}],"wp:term":[{"taxonomy":"category","embeddable":true,"href":"https:\/\/cpfusti.educacion.navarra.es\/web\/wp-json\/wp\/v2\/categories?post=5135"},{"taxonomy":"post_tag","embeddable":true,"href":"https:\/\/cpfusti.educacion.navarra.es\/web\/wp-json\/wp\/v2\/tags?post=5135"}],"curies":[{"name":"wp","href":"https:\/\/api.w.org\/{rel}","templated":true}]}}