{"id":565,"date":"2018-04-28T11:43:30","date_gmt":"2018-04-28T09:43:30","guid":{"rendered":"http:\/\/cpfusti.educacion.navarra.es\/web\/?p=565"},"modified":"2018-04-28T11:43:30","modified_gmt":"2018-04-28T09:43:30","slug":"semana-de-la-lectura-primeras-imagenes","status":"publish","type":"post","link":"https:\/\/cpfusti.educacion.navarra.es\/web\/blog\/2018\/04\/28\/semana-de-la-lectura-primeras-imagenes\/","title":{"rendered":"Semana de la lectura: primeras im\u00e1genes"},"content":{"rendered":"<p>Os presentamos un v\u00eddeo resumen con las primeras im\u00e1genes de nuestra semana de lectura:<\/p>\n<p>\u00a1\u00a1TODO UN \u00c9XITO!! Gracias a la colaboraci\u00f3n de toda la comunidad educativa: profesores, alumnos, familias, ayuntamiento y entidades locales.<\/p>\n<p>\u00a1GRACIAS A TODOS!<\/p>\n<p>Pr\u00f3ximamente m\u00e1s im\u00e1genes&#8230;.<\/p>\n<p><iframe loading=\"lazy\" width=\"584\" height=\"329\" src=\"https:\/\/www.youtube.com\/embed\/o1PIG9uMx5o?feature=oembed\" frameborder=\"0\" allow=\"autoplay; encrypted-media\" allowfullscreen><\/iframe><\/p>\n<p>&nbsp;<\/p>\n","protected":false},"excerpt":{"rendered":"<p>Os presentamos un v\u00eddeo resumen con las primeras im\u00e1genes de nuestra semana de lectura: \u00a1\u00a1TODO UN \u00c9XITO!! Gracias a la colaboraci\u00f3n de toda la comunidad educativa: profesores, alumnos, familias, ayuntamiento y entidades locales. \u00a1GRACIAS A TODOS! Pr\u00f3ximamente m\u00e1s im\u00e1genes&#8230;. &nbsp;<\/p>\n","protected":false},"author":5,"featured_media":0,"comment_status":"open","ping_status":"open","sticky":false,"template":"","format":"standard","meta":[],"categories":[8,9],"tags":[],"_links":{"self":[{"href":"https:\/\/cpfusti.educacion.navarra.es\/web\/wp-json\/wp\/v2\/posts\/565"}],"collection":[{"href":"https:\/\/cpfusti.educacion.navarra.es\/web\/wp-json\/wp\/v2\/posts"}],"about":[{"href":"https:\/\/cpfusti.educacion.navarra.es\/web\/wp-json\/wp\/v2\/types\/post"}],"author":[{"embeddable":true,"href":"https:\/\/cpfusti.educacion.navarra.es\/web\/wp-json\/wp\/v2\/users\/5"}],"replies":[{"embeddable":true,"href":"https:\/\/cpfusti.educacion.navarra.es\/web\/wp-json\/wp\/v2\/comments?post=565"}],"version-history":[{"count":1,"href":"https:\/\/cpfusti.educacion.navarra.es\/web\/wp-json\/wp\/v2\/posts\/565\/revisions"}],"predecessor-version":[{"id":566,"href":"https:\/\/cpfusti.educacion.navarra.es\/web\/wp-json\/wp\/v2\/posts\/565\/revisions\/566"}],"wp:attachment":[{"href":"https:\/\/cpfusti.educacion.navarra.es\/web\/wp-json\/wp\/v2\/media?parent=565"}],"wp:term":[{"taxonomy":"category","embeddable":true,"href":"https:\/\/cpfusti.educacion.navarra.es\/web\/wp-json\/wp\/v2\/categories?post=565"},{"taxonomy":"post_tag","embeddable":true,"href":"https:\/\/cpfusti.educacion.navarra.es\/web\/wp-json\/wp\/v2\/tags?post=565"}],"curies":[{"name":"wp","href":"https:\/\/api.w.org\/{rel}","templated":true}]}}